{"id":38877,"date":"2021-05-10T14:19:39","date_gmt":"2021-05-10T14:19:39","guid":{"rendered":"https:\/\/www.jacobi.net\/?p=38877"},"modified":"2026-04-20T13:22:35","modified_gmt":"2026-04-20T13:22:35","slug":"giornata-mondiale-dellacqua-2021","status":"publish","type":"post","link":"https:\/\/www.jacobi.net\/it\/giornata-mondiale-dellacqua-2021\/","title":{"rendered":"Giornata mondiale dell&#8217;acqua 2021"},"content":{"rendered":"<p>Dal 1993, il 22 di marzo si celebra la giornata mondiale dell&#8217;acqua. L&#8217;acqua \u00e8 una delle risorse pi\u00f9 preziose e importanti sul pianeta, nonch\u00e9 indispensabile per la vita. Il nostro corpo \u00e8 composto principalmente da acqua e senza l&#8217;acqua non ci sarebbero le piante. Ogni elemento per noi vitale richiede, infatti, l&#8217;acqua per una certa fase di vita o di sviluppo. Tuttavia le attivit\u00e0 degli uomini minacciano la qualit\u00e0 e la purezza dell&#8217;acqua, quindi dobbiamo prenderci cura delle nostre acque.<\/p>\n<p>E questo \u00e8 proprio un importante obiettvo di Jacobi: proteggere l&#8217;acqua. Abbiamo trovato delle soluzioni per migliorare la purezza dell&#8217;acqua, utilizziamo infatti prodotti che possono rimuovere le nuove sostanze inquinanti emergenti (come PFAS, PFOS, i sottoprodotti di pesticidi ed erbicidi, composti alogenati, metolachlor ecc.) e i metalli pesanti (arsenio, mercurio ecc).<\/p>\n<p>Diventare sempre pi\u00f9 sostenibili \u00e8 un obiettivo importante della nostra missione, Jacobi quindi partecipa alla giornata mondiale dell&#8217;acqua, prende parte alle attivit\u00e0 di pulizia delle coste e di riforestazione.<\/p>\n","protected":false},"excerpt":{"rendered":"<p>Dal 1993, il 22 di marzo si celebra la giornata mondiale dell&#8217;acqua. L&#8217;acqua \u00e8 una delle risorse pi\u00f9 preziose e importanti sul pianeta, nonch\u00e9 indispensabile per la vita. Il nostro corpo \u00e8 composto principalmente da acqua e senza l&#8217;acqua non ci sarebbero le piante. Ogni elemento per noi vitale richiede, infatti, l&#8217;acqua per una certa&hellip;<\/p>\n","protected":false},"author":1,"featured_media":38307,"comment_status":"closed","ping_status":"closed","sticky":false,"template":"","format":"standard","meta":{"_acf_changed":false,"footnotes":""},"categories":[3363,3348,3347],"tags":[],"class_list":["post-38877","post","type-post","status-publish","format-standard","has-post-thumbnail","hentry","category-persone","category-pianeta","category-sostenibilita","category-3363","category-3348","category-3347","description-off"],"acf":[],"yoast_head":"<!-- This site is optimized with the Yoast SEO Premium plugin v27.4 (Yoast SEO v27.4) - https:\/\/yoast.com\/product\/yoast-seo-premium-wordpress\/ -->\n<title>Giornata mondiale dell&#039;acqua 2021 - Jacobi Group<\/title>\n<meta name=\"robots\" content=\"index, follow, max-snippet:-1, max-image-preview:large, max-video-preview:-1\" \/>\n<link rel=\"canonical\" href=\"https:\/\/www.jacobi.net\/it\/giornata-mondiale-dellacqua-2021\/\" \/>\n<meta property=\"og:locale\" content=\"it_IT\" \/>\n<meta property=\"og:type\" content=\"article\" \/>\n<meta property=\"og:title\" content=\"Giornata mondiale dell&#039;acqua 2021\" \/>\n<meta property=\"og:description\" content=\"Dal 1993, il 22 di marzo si celebra la giornata mondiale dell&#8217;acqua. L&#8217;acqua \u00e8 una delle risorse pi\u00f9 preziose e importanti sul pianeta, nonch\u00e9 indispensabile per la vita. Il nostro corpo \u00e8 composto principalmente da acqua e senza l&#8217;acqua non ci sarebbero le piante. Ogni elemento per noi vitale richiede, infatti, l&#8217;acqua per una certa&hellip;\" \/>\n<meta property=\"og:url\" content=\"https:\/\/www.jacobi.net\/it\/giornata-mondiale-dellacqua-2021\/\" \/>\n<meta property=\"og:site_name\" content=\"Jacobi Group\" \/>\n<meta property=\"article:publisher\" content=\"https:\/\/www.facebook.com\/JacobiCarbonsGroup\" \/>\n<meta property=\"article:published_time\" content=\"2021-05-10T14:19:39+00:00\" \/>\n<meta property=\"article:modified_time\" content=\"2026-04-20T13:22:35+00:00\" \/>\n<meta property=\"og:image\" content=\"https:\/\/www.jacobi.net\/wp-content\/uploads\/2021\/03\/Jac643-Water-Day-Header-2.png\" \/>\n<meta name=\"author\" content=\"Ben Lloyd\" \/>\n<meta name=\"twitter:card\" content=\"summary_large_image\" \/>\n<meta name=\"twitter:image\" content=\"https:\/\/www.jacobi.net\/wp-content\/uploads\/2021\/03\/Jac643-Water-Day-Header-2.png\" \/>\n<meta name=\"twitter:creator\" content=\"@jacobi_carbons\" \/>\n<meta name=\"twitter:site\" content=\"@jacobi_carbons\" \/>\n<meta name=\"twitter:label1\" content=\"Scritto da\" \/>\n\t<meta name=\"twitter:data1\" content=\"Ben Lloyd\" \/>\n\t<meta name=\"twitter:label2\" content=\"Tempo di lettura stimato\" \/>\n\t<meta name=\"twitter:data2\" content=\"1 minuto\" \/>\n<script type=\"application\/ld+json\" class=\"yoast-schema-graph\">{\"@context\":\"https:\\\/\\\/schema.org\",\"@graph\":[{\"@type\":\"Article\",\"@id\":\"https:\\\/\\\/www.jacobi.net\\\/it\\\/giornata-mondiale-dellacqua-2021\\\/#article\",\"isPartOf\":{\"@id\":\"https:\\\/\\\/www.jacobi.net\\\/it\\\/giornata-mondiale-dellacqua-2021\\\/\"},\"author\":{\"name\":\"Ben Lloyd\",\"@id\":\"https:\\\/\\\/www.jacobi.net\\\/it\\\/#\\\/schema\\\/person\\\/06d2784f7d49b9cb1ab843b2d31c2549\"},\"headline\":\"Giornata mondiale dell&#8217;acqua 2021\",\"datePublished\":\"2021-05-10T14:19:39+00:00\",\"dateModified\":\"2026-04-20T13:22:35+00:00\",\"mainEntityOfPage\":{\"@id\":\"https:\\\/\\\/www.jacobi.net\\\/it\\\/giornata-mondiale-dellacqua-2021\\\/\"},\"wordCount\":166,\"publisher\":{\"@id\":\"https:\\\/\\\/www.jacobi.net\\\/it\\\/#organization\"},\"image\":{\"@id\":\"https:\\\/\\\/www.jacobi.net\\\/it\\\/giornata-mondiale-dellacqua-2021\\\/#primaryimage\"},\"thumbnailUrl\":\"https:\\\/\\\/www.jacobi.net\\\/wp-content\\\/uploads\\\/2021\\\/03\\\/Jac643-Water-Day-Header-2.png\",\"articleSection\":[\"Persone\",\"Pianeta\",\"Sostenibilit\u00e0\"],\"inLanguage\":\"it-IT\"},{\"@type\":\"WebPage\",\"@id\":\"https:\\\/\\\/www.jacobi.net\\\/it\\\/giornata-mondiale-dellacqua-2021\\\/\",\"url\":\"https:\\\/\\\/www.jacobi.net\\\/it\\\/giornata-mondiale-dellacqua-2021\\\/\",\"name\":\"Giornata mondiale dell'acqua 2021 - Jacobi Group\",\"isPartOf\":{\"@id\":\"https:\\\/\\\/www.jacobi.net\\\/it\\\/#website\"},\"primaryImageOfPage\":{\"@id\":\"https:\\\/\\\/www.jacobi.net\\\/it\\\/giornata-mondiale-dellacqua-2021\\\/#primaryimage\"},\"image\":{\"@id\":\"https:\\\/\\\/www.jacobi.net\\\/it\\\/giornata-mondiale-dellacqua-2021\\\/#primaryimage\"},\"thumbnailUrl\":\"https:\\\/\\\/www.jacobi.net\\\/wp-content\\\/uploads\\\/2021\\\/03\\\/Jac643-Water-Day-Header-2.png\",\"datePublished\":\"2021-05-10T14:19:39+00:00\",\"dateModified\":\"2026-04-20T13:22:35+00:00\",\"breadcrumb\":{\"@id\":\"https:\\\/\\\/www.jacobi.net\\\/it\\\/giornata-mondiale-dellacqua-2021\\\/#breadcrumb\"},\"inLanguage\":\"it-IT\",\"potentialAction\":[{\"@type\":\"ReadAction\",\"target\":[\"https:\\\/\\\/www.jacobi.net\\\/it\\\/giornata-mondiale-dellacqua-2021\\\/\"]}]},{\"@type\":\"ImageObject\",\"inLanguage\":\"it-IT\",\"@id\":\"https:\\\/\\\/www.jacobi.net\\\/it\\\/giornata-mondiale-dellacqua-2021\\\/#primaryimage\",\"url\":\"https:\\\/\\\/www.jacobi.net\\\/wp-content\\\/uploads\\\/2021\\\/03\\\/Jac643-Water-Day-Header-2.png\",\"contentUrl\":\"https:\\\/\\\/www.jacobi.net\\\/wp-content\\\/uploads\\\/2021\\\/03\\\/Jac643-Water-Day-Header-2.png\",\"width\":1200,\"height\":800},{\"@type\":\"BreadcrumbList\",\"@id\":\"https:\\\/\\\/www.jacobi.net\\\/it\\\/giornata-mondiale-dellacqua-2021\\\/#breadcrumb\",\"itemListElement\":[{\"@type\":\"ListItem\",\"position\":1,\"name\":\"Home\",\"item\":\"https:\\\/\\\/www.jacobi.net\\\/it\\\/home\\\/\"},{\"@type\":\"ListItem\",\"position\":2,\"name\":\"Giornata mondiale dell&#8217;acqua 2021\"}]},{\"@type\":\"WebSite\",\"@id\":\"https:\\\/\\\/www.jacobi.net\\\/it\\\/#website\",\"url\":\"https:\\\/\\\/www.jacobi.net\\\/it\\\/\",\"name\":\"Jacobi Group\",\"description\":\"The Carbon Company\",\"publisher\":{\"@id\":\"https:\\\/\\\/www.jacobi.net\\\/it\\\/#organization\"},\"potentialAction\":[{\"@type\":\"SearchAction\",\"target\":{\"@type\":\"EntryPoint\",\"urlTemplate\":\"https:\\\/\\\/www.jacobi.net\\\/it\\\/?s={search_term_string}\"},\"query-input\":{\"@type\":\"PropertyValueSpecification\",\"valueRequired\":true,\"valueName\":\"search_term_string\"}}],\"inLanguage\":\"it-IT\"},{\"@type\":\"Organization\",\"@id\":\"https:\\\/\\\/www.jacobi.net\\\/it\\\/#organization\",\"name\":\"Jacobi Group\",\"url\":\"https:\\\/\\\/www.jacobi.net\\\/it\\\/\",\"logo\":{\"@type\":\"ImageObject\",\"inLanguage\":\"it-IT\",\"@id\":\"https:\\\/\\\/www.jacobi.net\\\/it\\\/#\\\/schema\\\/logo\\\/image\\\/\",\"url\":\"https:\\\/\\\/www.jacobi.net\\\/wp-content\\\/uploads\\\/2020\\\/06\\\/jacobi-retina-header.png\",\"contentUrl\":\"https:\\\/\\\/www.jacobi.net\\\/wp-content\\\/uploads\\\/2020\\\/06\\\/jacobi-retina-header.png\",\"width\":196,\"height\":110,\"caption\":\"Jacobi Group\"},\"image\":{\"@id\":\"https:\\\/\\\/www.jacobi.net\\\/it\\\/#\\\/schema\\\/logo\\\/image\\\/\"},\"sameAs\":[\"https:\\\/\\\/www.facebook.com\\\/JacobiCarbonsGroup\",\"https:\\\/\\\/x.com\\\/jacobi_carbons\",\"https:\\\/\\\/www.linkedin.com\\\/company\\\/jacobi-carbons\\\/\",\"https:\\\/\\\/www.youtube.com\\\/channel\\\/UCLMBd_DgwXBihVLpof8Lixg\",\"https:\\\/\\\/sv.wikipedia.org\\\/wiki\\\/Jacobi_Carbons\"]},{\"@type\":\"Person\",\"@id\":\"https:\\\/\\\/www.jacobi.net\\\/it\\\/#\\\/schema\\\/person\\\/06d2784f7d49b9cb1ab843b2d31c2549\",\"name\":\"Ben Lloyd\",\"image\":{\"@type\":\"ImageObject\",\"inLanguage\":\"it-IT\",\"@id\":\"https:\\\/\\\/secure.gravatar.com\\\/avatar\\\/a3115644a1e4b27f596604db75f14cdbf83e7230630ba6942594c15339d02d0b?s=96&d=mm&r=g\",\"url\":\"https:\\\/\\\/secure.gravatar.com\\\/avatar\\\/a3115644a1e4b27f596604db75f14cdbf83e7230630ba6942594c15339d02d0b?s=96&d=mm&r=g\",\"contentUrl\":\"https:\\\/\\\/secure.gravatar.com\\\/avatar\\\/a3115644a1e4b27f596604db75f14cdbf83e7230630ba6942594c15339d02d0b?s=96&d=mm&r=g\",\"caption\":\"Ben Lloyd\"},\"sameAs\":[\"http:\\\/\\\/www.marketnewmedia.co.uk\"],\"url\":\"https:\\\/\\\/www.jacobi.net\\\/it\\\/author\\\/blloyd\\\/\"}]}<\/script>\n<!-- \/ Yoast SEO Premium plugin. -->","yoast_head_json":{"title":"Giornata mondiale dell'acqua 2021 - Jacobi Group","robots":{"index":"index","follow":"follow","max-snippet":"max-snippet:-1","max-image-preview":"max-image-preview:large","max-video-preview":"max-video-preview:-1"},"canonical":"https:\/\/www.jacobi.net\/it\/giornata-mondiale-dellacqua-2021\/","og_locale":"it_IT","og_type":"article","og_title":"Giornata mondiale dell'acqua 2021","og_description":"Dal 1993, il 22 di marzo si celebra la giornata mondiale dell&#8217;acqua. L&#8217;acqua \u00e8 una delle risorse pi\u00f9 preziose e importanti sul pianeta, nonch\u00e9 indispensabile per la vita. Il nostro corpo \u00e8 composto principalmente da acqua e senza l&#8217;acqua non ci sarebbero le piante. Ogni elemento per noi vitale richiede, infatti, l&#8217;acqua per una certa&hellip;","og_url":"https:\/\/www.jacobi.net\/it\/giornata-mondiale-dellacqua-2021\/","og_site_name":"Jacobi Group","article_publisher":"https:\/\/www.facebook.com\/JacobiCarbonsGroup","article_published_time":"2021-05-10T14:19:39+00:00","article_modified_time":"2026-04-20T13:22:35+00:00","og_image":[{"url":"https:\/\/www.jacobi.net\/wp-content\/uploads\/2021\/03\/Jac643-Water-Day-Header-2.png","type":"","width":"","height":""}],"author":"Ben Lloyd","twitter_card":"summary_large_image","twitter_image":"https:\/\/www.jacobi.net\/wp-content\/uploads\/2021\/03\/Jac643-Water-Day-Header-2.png","twitter_creator":"@jacobi_carbons","twitter_site":"@jacobi_carbons","twitter_misc":{"Scritto da":"Ben Lloyd","Tempo di lettura stimato":"1 minuto"},"schema":{"@context":"https:\/\/schema.org","@graph":[{"@type":"Article","@id":"https:\/\/www.jacobi.net\/it\/giornata-mondiale-dellacqua-2021\/#article","isPartOf":{"@id":"https:\/\/www.jacobi.net\/it\/giornata-mondiale-dellacqua-2021\/"},"author":{"name":"Ben Lloyd","@id":"https:\/\/www.jacobi.net\/it\/#\/schema\/person\/06d2784f7d49b9cb1ab843b2d31c2549"},"headline":"Giornata mondiale dell&#8217;acqua 2021","datePublished":"2021-05-10T14:19:39+00:00","dateModified":"2026-04-20T13:22:35+00:00","mainEntityOfPage":{"@id":"https:\/\/www.jacobi.net\/it\/giornata-mondiale-dellacqua-2021\/"},"wordCount":166,"publisher":{"@id":"https:\/\/www.jacobi.net\/it\/#organization"},"image":{"@id":"https:\/\/www.jacobi.net\/it\/giornata-mondiale-dellacqua-2021\/#primaryimage"},"thumbnailUrl":"https:\/\/www.jacobi.net\/wp-content\/uploads\/2021\/03\/Jac643-Water-Day-Header-2.png","articleSection":["Persone","Pianeta","Sostenibilit\u00e0"],"inLanguage":"it-IT"},{"@type":"WebPage","@id":"https:\/\/www.jacobi.net\/it\/giornata-mondiale-dellacqua-2021\/","url":"https:\/\/www.jacobi.net\/it\/giornata-mondiale-dellacqua-2021\/","name":"Giornata mondiale dell'acqua 2021 - Jacobi Group","isPartOf":{"@id":"https:\/\/www.jacobi.net\/it\/#website"},"primaryImageOfPage":{"@id":"https:\/\/www.jacobi.net\/it\/giornata-mondiale-dellacqua-2021\/#primaryimage"},"image":{"@id":"https:\/\/www.jacobi.net\/it\/giornata-mondiale-dellacqua-2021\/#primaryimage"},"thumbnailUrl":"https:\/\/www.jacobi.net\/wp-content\/uploads\/2021\/03\/Jac643-Water-Day-Header-2.png","datePublished":"2021-05-10T14:19:39+00:00","dateModified":"2026-04-20T13:22:35+00:00","breadcrumb":{"@id":"https:\/\/www.jacobi.net\/it\/giornata-mondiale-dellacqua-2021\/#breadcrumb"},"inLanguage":"it-IT","potentialAction":[{"@type":"ReadAction","target":["https:\/\/www.jacobi.net\/it\/giornata-mondiale-dellacqua-2021\/"]}]},{"@type":"ImageObject","inLanguage":"it-IT","@id":"https:\/\/www.jacobi.net\/it\/giornata-mondiale-dellacqua-2021\/#primaryimage","url":"https:\/\/www.jacobi.net\/wp-content\/uploads\/2021\/03\/Jac643-Water-Day-Header-2.png","contentUrl":"https:\/\/www.jacobi.net\/wp-content\/uploads\/2021\/03\/Jac643-Water-Day-Header-2.png","width":1200,"height":800},{"@type":"BreadcrumbList","@id":"https:\/\/www.jacobi.net\/it\/giornata-mondiale-dellacqua-2021\/#breadcrumb","itemListElement":[{"@type":"ListItem","position":1,"name":"Home","item":"https:\/\/www.jacobi.net\/it\/home\/"},{"@type":"ListItem","position":2,"name":"Giornata mondiale dell&#8217;acqua 2021"}]},{"@type":"WebSite","@id":"https:\/\/www.jacobi.net\/it\/#website","url":"https:\/\/www.jacobi.net\/it\/","name":"Jacobi Group","description":"The Carbon Company","publisher":{"@id":"https:\/\/www.jacobi.net\/it\/#organization"},"potentialAction":[{"@type":"SearchAction","target":{"@type":"EntryPoint","urlTemplate":"https:\/\/www.jacobi.net\/it\/?s={search_term_string}"},"query-input":{"@type":"PropertyValueSpecification","valueRequired":true,"valueName":"search_term_string"}}],"inLanguage":"it-IT"},{"@type":"Organization","@id":"https:\/\/www.jacobi.net\/it\/#organization","name":"Jacobi Group","url":"https:\/\/www.jacobi.net\/it\/","logo":{"@type":"ImageObject","inLanguage":"it-IT","@id":"https:\/\/www.jacobi.net\/it\/#\/schema\/logo\/image\/","url":"https:\/\/www.jacobi.net\/wp-content\/uploads\/2020\/06\/jacobi-retina-header.png","contentUrl":"https:\/\/www.jacobi.net\/wp-content\/uploads\/2020\/06\/jacobi-retina-header.png","width":196,"height":110,"caption":"Jacobi Group"},"image":{"@id":"https:\/\/www.jacobi.net\/it\/#\/schema\/logo\/image\/"},"sameAs":["https:\/\/www.facebook.com\/JacobiCarbonsGroup","https:\/\/x.com\/jacobi_carbons","https:\/\/www.linkedin.com\/company\/jacobi-carbons\/","https:\/\/www.youtube.com\/channel\/UCLMBd_DgwXBihVLpof8Lixg","https:\/\/sv.wikipedia.org\/wiki\/Jacobi_Carbons"]},{"@type":"Person","@id":"https:\/\/www.jacobi.net\/it\/#\/schema\/person\/06d2784f7d49b9cb1ab843b2d31c2549","name":"Ben Lloyd","image":{"@type":"ImageObject","inLanguage":"it-IT","@id":"https:\/\/secure.gravatar.com\/avatar\/a3115644a1e4b27f596604db75f14cdbf83e7230630ba6942594c15339d02d0b?s=96&d=mm&r=g","url":"https:\/\/secure.gravatar.com\/avatar\/a3115644a1e4b27f596604db75f14cdbf83e7230630ba6942594c15339d02d0b?s=96&d=mm&r=g","contentUrl":"https:\/\/secure.gravatar.com\/avatar\/a3115644a1e4b27f596604db75f14cdbf83e7230630ba6942594c15339d02d0b?s=96&d=mm&r=g","caption":"Ben Lloyd"},"sameAs":["http:\/\/www.marketnewmedia.co.uk"],"url":"https:\/\/www.jacobi.net\/it\/author\/blloyd\/"}]}},"_links":{"self":[{"href":"https:\/\/www.jacobi.net\/it\/wp-json\/wp\/v2\/posts\/38877","targetHints":{"allow":["GET"]}}],"collection":[{"href":"https:\/\/www.jacobi.net\/it\/wp-json\/wp\/v2\/posts"}],"about":[{"href":"https:\/\/www.jacobi.net\/it\/wp-json\/wp\/v2\/types\/post"}],"author":[{"embeddable":true,"href":"https:\/\/www.jacobi.net\/it\/wp-json\/wp\/v2\/users\/1"}],"replies":[{"embeddable":true,"href":"https:\/\/www.jacobi.net\/it\/wp-json\/wp\/v2\/comments?post=38877"}],"version-history":[{"count":0,"href":"https:\/\/www.jacobi.net\/it\/wp-json\/wp\/v2\/posts\/38877\/revisions"}],"wp:featuredmedia":[{"embeddable":true,"href":"https:\/\/www.jacobi.net\/it\/wp-json\/wp\/v2\/media\/38307"}],"wp:attachment":[{"href":"https:\/\/www.jacobi.net\/it\/wp-json\/wp\/v2\/media?parent=38877"}],"wp:term":[{"taxonomy":"category","embeddable":true,"href":"https:\/\/www.jacobi.net\/it\/wp-json\/wp\/v2\/categories?post=38877"},{"taxonomy":"post_tag","embeddable":true,"href":"https:\/\/www.jacobi.net\/it\/wp-json\/wp\/v2\/tags?post=38877"}],"curies":[{"name":"wp","href":"https:\/\/api.w.org\/{rel}","templated":true}]}}